{"id":372,"date":"2021-08-25T12:34:31","date_gmt":"2021-08-25T12:34:31","guid":{"rendered":"http:\/\/huzz.imi.hr\/?p=372"},"modified":"2026-03-20T13:48:09","modified_gmt":"2026-03-20T13:48:09","slug":"druga-obavijest-dvanaesti-hrvatski-znanstveno-strucni-skup-s-medunarodnim-sudjelovanjem-zastita-zraka-2021","status":"publish","type":"post","link":"https:\/\/huzz.imi.hr\/en\/druga-obavijest-dvanaesti-hrvatski-znanstveno-strucni-skup-s-medunarodnim-sudjelovanjem-zastita-zraka-2021\/","title":{"rendered":"SECOND ANNOUNCEMENT - 12th CROATIAN SCIENTIFIC AND PROFESSIONAL CONFERENCE\nwith international participation \u201cAIR PROTECTION 2021\u201c"},"content":{"rendered":"<p><img loading=\"lazy\" decoding=\"async\" width=\"150\" height=\"64\" class=\"wp-image-145\" style=\"width: 150px;\" src=\"http:\/\/huzz.imi.hr\/wp-content\/uploads\/2021\/05\/HUZZ_logo-bez-natpisa.jpg\" alt=\"\" srcset=\"https:\/\/huzz.imi.hr\/wp-content\/uploads\/2021\/05\/HUZZ_logo-bez-natpisa.jpg 2360w, https:\/\/huzz.imi.hr\/wp-content\/uploads\/2021\/05\/HUZZ_logo-bez-natpisa-300x128.jpg 300w, https:\/\/huzz.imi.hr\/wp-content\/uploads\/2021\/05\/HUZZ_logo-bez-natpisa-1024x435.jpg 1024w, https:\/\/huzz.imi.hr\/wp-content\/uploads\/2021\/05\/HUZZ_logo-bez-natpisa-768x326.jpg 768w, https:\/\/huzz.imi.hr\/wp-content\/uploads\/2021\/05\/HUZZ_logo-bez-natpisa-1536x653.jpg 1536w, https:\/\/huzz.imi.hr\/wp-content\/uploads\/2021\/05\/HUZZ_logo-bez-natpisa-2048x870.jpg 2048w, https:\/\/huzz.imi.hr\/wp-content\/uploads\/2021\/05\/HUZZ_logo-bez-natpisa-604x257.jpg 604w\" sizes=\"auto, (max-width: 150px) 100vw, 150px\" \/><strong>CROATIAN AIR POLLUTION PREVENTION ASSOCIATION<\/strong><\/p>\n\n\n\n<p class=\"has-text-align-center\"><strong>in cooperation with:<\/strong><\/p>\n\n\n\n<p><img loading=\"lazy\" decoding=\"async\" width=\"75\" height=\"41\" class=\"wp-image-323\" style=\"width: 75px;\" src=\"http:\/\/huzz.imi.hr\/wp-content\/uploads\/2021\/05\/IMI.jpg\" alt=\"\" srcset=\"https:\/\/huzz.imi.hr\/wp-content\/uploads\/2021\/05\/IMI.jpg 191w, https:\/\/huzz.imi.hr\/wp-content\/uploads\/2021\/05\/IMI-16x9.jpg 16w\" sizes=\"auto, (max-width: 75px) 100vw, 75px\" \/> INSTITUTE FOR MEDICAL RESEARCH\nAND OCCUPATIONAL HEALTH<\/p>\n\n\n\n<p><img loading=\"lazy\" decoding=\"async\" width=\"75\" height=\"66\" class=\"wp-image-318\" style=\"width: 75px;\" src=\"http:\/\/huzz.imi.hr\/wp-content\/uploads\/2021\/05\/DHMZ.png\" alt=\"\" srcset=\"https:\/\/huzz.imi.hr\/wp-content\/uploads\/2021\/05\/DHMZ.png 339w, https:\/\/huzz.imi.hr\/wp-content\/uploads\/2021\/05\/DHMZ-300x264.png 300w, https:\/\/huzz.imi.hr\/wp-content\/uploads\/2021\/05\/DHMZ-14x12.png 14w, https:\/\/huzz.imi.hr\/wp-content\/uploads\/2021\/05\/DHMZ-307x270.png 307w\" sizes=\"auto, (max-width: 75px) 100vw, 75px\" \/> CROATIAN METEOROLOGICAL\nAND HYDROLOGICAL SERVICE<\/p>\n\n\n\n<p><img loading=\"lazy\" decoding=\"async\" width=\"60\" height=\"59\" class=\"wp-image-320\" style=\"width: 60px;\" src=\"http:\/\/huzz.imi.hr\/wp-content\/uploads\/2021\/05\/EFCA-2.png\" alt=\"\" srcset=\"https:\/\/huzz.imi.hr\/wp-content\/uploads\/2021\/05\/EFCA-2.png 177w, https:\/\/huzz.imi.hr\/wp-content\/uploads\/2021\/05\/EFCA-2-150x150.png 150w, https:\/\/huzz.imi.hr\/wp-content\/uploads\/2021\/05\/EFCA-2-12x12.png 12w\" sizes=\"auto, (max-width: 60px) 100vw, 60px\" \/>EUROPEAN FEDERATION OF CLEAN AIR AND ENVIRONMENTAL PROTECTION ASSOCIATIONS \u2013 EFCA<\/p>\n\n\n\n<p><img loading=\"lazy\" decoding=\"async\" width=\"60\" height=\"41\" class=\"wp-image-319\" style=\"width: 60px;\" src=\"http:\/\/huzz.imi.hr\/wp-content\/uploads\/2021\/05\/IUAPPA-2.png\" alt=\"\" srcset=\"https:\/\/huzz.imi.hr\/wp-content\/uploads\/2021\/05\/IUAPPA-2.png 145w, https:\/\/huzz.imi.hr\/wp-content\/uploads\/2021\/05\/IUAPPA-2-16x12.png 16w\" sizes=\"auto, (max-width: 60px) 100vw, 60px\" \/>INTERNATIONAL UNION OF AIR POLLUTION PREVENTION AND ENVIRONMENTAL PROTECTION ASSOCIATIONS &#8211; IUAPPA<\/p>\n\n\n\n<p class=\"has-text-align-center\">invite you to the<\/p>\n\n\n\n<p class=\"has-text-align-center\"><strong>12th CROATIAN SCIENTIFIC AND\nPROFESSIONAL CONFERENCE<\/strong><\/p>\n\n\n\n<p class=\"has-text-align-center\"><strong>with international participation<\/strong><\/p>\n\n\n\n<p class=\"has-text-align-center\"><strong><span class=\"has-inline-color has-vivid-cyan-blue-color\">\"AIR PROTECTION 2021\"<\/span><\/strong><\/p>\n\n\n\n<figure class=\"wp-block-image size-large is-style-rounded\"><img loading=\"lazy\" decoding=\"async\" width=\"1024\" height=\"585\" src=\"http:\/\/huzz.imi.hr\/wp-content\/uploads\/2021\/05\/medulin-1024x585.jpg\" alt=\"\" class=\"wp-image-300\" srcset=\"https:\/\/huzz.imi.hr\/wp-content\/uploads\/2021\/05\/medulin-1024x585.jpg 1024w, https:\/\/huzz.imi.hr\/wp-content\/uploads\/2021\/05\/medulin-300x171.jpg 300w, https:\/\/huzz.imi.hr\/wp-content\/uploads\/2021\/05\/medulin-768x439.jpg 768w, https:\/\/huzz.imi.hr\/wp-content\/uploads\/2021\/05\/medulin-1536x878.jpg 1536w, https:\/\/huzz.imi.hr\/wp-content\/uploads\/2021\/05\/medulin-16x9.jpg 16w, https:\/\/huzz.imi.hr\/wp-content\/uploads\/2021\/05\/medulin-473x270.jpg 473w, https:\/\/huzz.imi.hr\/wp-content\/uploads\/2021\/05\/medulin.jpg 1680w\" sizes=\"auto, (max-width: 1024px) 100vw, 1024px\" \/><\/figure>\n\n\n\n<p class=\"has-text-align-center\"><strong>SECOND ANNOUNCEMENT<\/strong><\/p>\n\n\n\n<p class=\"has-text-align-center\"><strong>MEDULIN<\/strong><\/p>\n\n\n\n<p class=\"has-text-align-center\"><strong>15th - 17th September 2021<\/strong><\/p>\n\n\n\n<div class=\"wp-block-file\"><a href=\"http:\/\/huzz.imi.hr\/wp-content\/uploads\/2021\/09\/Second-Announcement-addition.pdf\">Second Announcement - adition<\/a><a href=\"http:\/\/huzz.imi.hr\/wp-content\/uploads\/2021\/09\/Second-Announcement-addition.pdf\" class=\"wp-block-file__button\" download>Download<\/a><\/div>\n\n\n\n<figure class=\"wp-block-table\"><table><tbody><tr><td><strong><span class=\"has-inline-color has-vivid-cyan-blue-color\">UNDER THE AUSPICES OF<\/span><\/strong><\/td><\/tr><\/tbody><\/table><\/figure>\n\n\n\n<p>Ministry of Economy and Sustainable Development<\/p>\n\n\n\n<figure class=\"wp-block-table\"><table><tbody><tr><td><strong><span class=\"has-inline-color has-vivid-cyan-blue-color\">SCIENTIFIC AND EXPERT COMMITTEE<\/span><\/strong><\/td><\/tr><\/tbody><\/table><\/figure>\n\n\n\n<div class=\"wp-block-group\"><div class=\"wp-block-group__inner-container is-layout-flow wp-block-group-is-layout-flow\">\n<ul class=\"wp-block-list\"><li><span class=\"has-inline-color has-vivid-cyan-blue-color\">Gordana Pehnec - President<\/span><\/li><li>Ivan Be\u0161li\u0107<\/li><li>Darijo Brzoja<\/li><li>Zdenko Frani\u0107<\/li><li>Ivana Hrga<\/li><li>\u017deljko Lin\u0161ak<\/li><li>\u017deljka Zgorelec<\/li><li>Silva \u017du\u017eul<\/li><\/ul>\n<\/div><\/div>\n\n\n\n<figure class=\"wp-block-table\"><table><tbody><tr><td><strong><span class=\"has-inline-color has-vivid-cyan-blue-color\">ORGANIZATIONAL COMMITTEE<\/span><\/strong><\/td><\/tr><\/tbody><\/table><\/figure>\n\n\n\n<div class=\"wp-block-group\"><div class=\"wp-block-group__inner-container is-layout-flow wp-block-group-is-layout-flow\">\n<ul class=\"wp-block-list\"><li><span class=\"has-inline-color has-vivid-cyan-blue-color\">Ranka Godec - President<\/span><\/li><li>Elvis Ciliga<\/li><li>Silvije Davila<\/li><li>Ivona Igrec<\/li><li>Ivana Jakovljevi\u0107<\/li><li>Bruno Kosteli\u0107<\/li><li>Jasmina Rinkovec<\/li><li>Zdravka Sever \u0160trukil<\/li><li>Vedran Va\u0111i\u0107<\/li><li>Nina Zovko<\/li><\/ul>\n<\/div><\/div>\n\n\n\n<figure class=\"wp-block-table\"><table><tbody><tr><td><strong><span class=\"has-inline-color has-vivid-cyan-blue-color\">ADVISORY BOARD<\/span><\/strong><\/td><\/tr><\/tbody><\/table><\/figure>\n\n\n\n<ul class=\"wp-block-list\"><li>Ana Luci\u0107-Vrdoljak<\/li><li>Branka Ivan\u010dan Picek<\/li><li>Dunja Mazzocco Drvar<\/li><li>Andrzej Jagusiewicz<\/li><li>Thomas Reichart<\/li><li>Richard Mills<\/li><li>Vladimira Va\u0111i\u0107<\/li><li>Kre\u0161imir \u0160ega<\/li><li>Mirjana \u010ca\u010dkovi\u0107<\/li><\/ul>\n\n\n\n<figure class=\"wp-block-table\"><table><tbody><tr><td><strong><span class=\"has-inline-color has-vivid-cyan-blue-color\"><strong>PRELIMINARY PROGRAMME<\/strong><\/span><\/strong><\/td><\/tr><\/tbody><\/table><\/figure>\n\n\n\n<p class=\"has-text-align-center\"><strong><span class=\"has-inline-color has-vivid-cyan-blue-color\">Wednesday, 15th September 2021<\/span><\/strong><\/p>\n\n\n\n<p><strong>8.30-10.00 &#8211; <\/strong><strong>Registration and distribution of the conference materials<\/strong><\/p>\n\n\n\n<p><strong>10.00-10.30 &#8211; <span class=\"has-inline-color has-vivid-cyan-blue-color\">Opening ceremony<\/span><\/strong><\/p>\n\n\n\n<p><strong>10.30-11.30 &#8211;<\/strong> <strong><span class=\"has-inline-color has-vivid-cyan-blue-color\">Introductory lectures<\/span><\/strong><\/p>\n\n\n\n<p><img loading=\"lazy\" decoding=\"async\" width=\"40\" height=\"40\" class=\"wp-image-378\" style=\"width: 40px;\" src=\"http:\/\/huzz.imi.hr\/wp-content\/uploads\/2021\/08\/engl.jpg\" alt=\"\" srcset=\"https:\/\/huzz.imi.hr\/wp-content\/uploads\/2021\/08\/engl.jpg 800w, https:\/\/huzz.imi.hr\/wp-content\/uploads\/2021\/08\/engl-300x300.jpg 300w, https:\/\/huzz.imi.hr\/wp-content\/uploads\/2021\/08\/engl-150x150.jpg 150w, https:\/\/huzz.imi.hr\/wp-content\/uploads\/2021\/08\/engl-768x768.jpg 768w, https:\/\/huzz.imi.hr\/wp-content\/uploads\/2021\/08\/engl-12x12.jpg 12w, https:\/\/huzz.imi.hr\/wp-content\/uploads\/2021\/08\/engl-270x270.jpg 270w\" sizes=\"auto, (max-width: 40px) 100vw, 40px\" \/><strong>Richard Mills:<\/strong> GLOBAL AIR POLLUTION: LESSONS FROM THE LAST 20 YEARS<\/p>\n\n\n\n<p><img loading=\"lazy\" decoding=\"async\" width=\"40\" height=\"40\" class=\"wp-image-379\" style=\"width: 40px;\" src=\"http:\/\/huzz.imi.hr\/wp-content\/uploads\/2021\/08\/hrv.png\" alt=\"\" srcset=\"https:\/\/huzz.imi.hr\/wp-content\/uploads\/2021\/08\/hrv.png 52w, https:\/\/huzz.imi.hr\/wp-content\/uploads\/2021\/08\/hrv-12x12.png 12w\" sizes=\"auto, (max-width: 40px) 100vw, 40px\" \/>Sandra Krmpoti\u0107, <strong>Nina Zovko<\/strong>, Gordan Do\u0161en: AN OVERVIEW OF LEGISLATION IN THE FIELD OF AIR \nQUALITY AT NATIONAL AND EU LEVEL <\/p>\n\n\n\n<p><img loading=\"lazy\" decoding=\"async\" width=\"40\" height=\"40\" class=\"wp-image-379\" style=\"width: 40px;\" src=\"http:\/\/huzz.imi.hr\/wp-content\/uploads\/2021\/08\/hrv.png\" alt=\"\" srcset=\"https:\/\/huzz.imi.hr\/wp-content\/uploads\/2021\/08\/hrv.png 52w, https:\/\/huzz.imi.hr\/wp-content\/uploads\/2021\/08\/hrv-12x12.png 12w\" sizes=\"auto, (max-width: 40px) 100vw, 40px\" \/><strong>Vedranka Bobi\u0107<\/strong>: EXPERT WITNESS EXAMINATION AND COURT PRACTICE OF ENVIRONMENTAL FACTORS NOT REGULATED BY LAW\u2013 ODORS<\/p>\n\n\n\n<p><strong>11.30-12.00 \u2013 Coffee break<\/strong><\/p>\n\n\n\n<p><strong>12.00-12.45 \u2013 <span class=\"has-inline-color has-vivid-cyan-blue-color\">Topic 1 - Managing air quality \u2013 inspection and control<\/span><\/strong> <\/p>\n\n\n\n<p><img loading=\"lazy\" decoding=\"async\" width=\"40\" height=\"40\" class=\"wp-image-379\" style=\"width: 40px;\" src=\"http:\/\/huzz.imi.hr\/wp-content\/uploads\/2021\/08\/hrv.png\" alt=\"\" srcset=\"https:\/\/huzz.imi.hr\/wp-content\/uploads\/2021\/08\/hrv.png 52w, https:\/\/huzz.imi.hr\/wp-content\/uploads\/2021\/08\/hrv-12x12.png 12w\" sizes=\"auto, (max-width: 40px) 100vw, 40px\" \/><strong>Mirela Poljanac<\/strong>,<strong> Elvira Horvati\u0107 Viduka<\/strong>, Nirvana Frankovi\u0107 Mihelj, Iva \u0160vedek, Vladimir Jelavi\u0107, Valentina-Delija Ru\u017ei\u0107: SYNERGY OF POLICIES FOR A MORE EFFICIENT TACKLING OF CLIMATE CHANGE AND AIR POLLUTION IN CROATIA<\/p>\n\n\n\n<p><img loading=\"lazy\" decoding=\"async\" width=\"40\" height=\"40\" class=\"wp-image-379\" style=\"width: 40px;\" src=\"http:\/\/huzz.imi.hr\/wp-content\/uploads\/2021\/08\/hrv.png\" alt=\"\" srcset=\"https:\/\/huzz.imi.hr\/wp-content\/uploads\/2021\/08\/hrv.png 52w, https:\/\/huzz.imi.hr\/wp-content\/uploads\/2021\/08\/hrv-12x12.png 12w\" sizes=\"auto, (max-width: 40px) 100vw, 40px\" \/><strong>Martina Beuk<\/strong>: AIR EMISSIONS REPORTED IN THE ENVIRONMENTAL POLLUTION REGISTER (EPR)<\/p>\n\n\n\n<p><img loading=\"lazy\" decoding=\"async\" width=\"40\" height=\"40\" class=\"wp-image-379\" style=\"width: 40px;\" src=\"http:\/\/huzz.imi.hr\/wp-content\/uploads\/2021\/08\/hrv.png\" alt=\"\" srcset=\"https:\/\/huzz.imi.hr\/wp-content\/uploads\/2021\/08\/hrv.png 52w, https:\/\/huzz.imi.hr\/wp-content\/uploads\/2021\/08\/hrv-12x12.png 12w\" sizes=\"auto, (max-width: 40px) 100vw, 40px\" \/><strong>Vedran Va\u0111i\u0107<\/strong>, Iva Ba\u010dek, Predrag Hercog: COMMERCIAL ROUNDING RULES AND PERCENTILES<\/p>\n\n\n\n<p><strong>12.45-12.55 \u2013 Technical and business presentation: <\/strong><a href=\"https:\/\/www.alphachrom.hr\/\" data-type=\"URL\" data-id=\"https:\/\/www.alphachrom.hr\/\"><img loading=\"lazy\" decoding=\"async\" width=\"150\" height=\"82\" class=\"wp-image-385\" style=\"width: 150px;\" src=\"http:\/\/huzz.imi.hr\/wp-content\/uploads\/2021\/08\/AlphaChrom2.png\" alt=\"\" srcset=\"https:\/\/huzz.imi.hr\/wp-content\/uploads\/2021\/08\/AlphaChrom2.png 400w, https:\/\/huzz.imi.hr\/wp-content\/uploads\/2021\/08\/AlphaChrom2-300x164.png 300w, https:\/\/huzz.imi.hr\/wp-content\/uploads\/2021\/08\/AlphaChrom2-18x10.png 18w\" sizes=\"auto, (max-width: 150px) 100vw, 150px\" \/><\/a><\/p>\n\n\n\n<p><strong>12.55-14.00 \u2013 Lunch break<\/strong><\/p>\n\n\n\n<p><strong>14.00-15.15 \u2013 <span class=\"has-inline-color has-vivid-cyan-blue-color\">Topic 2 \u2013 Atmospheric emissions of pollutants<\/span><\/strong><\/p>\n\n\n\n<p><img loading=\"lazy\" decoding=\"async\" width=\"40\" height=\"40\" class=\"wp-image-379\" style=\"width: 40px;\" src=\"http:\/\/huzz.imi.hr\/wp-content\/uploads\/2021\/08\/hrv.png\" alt=\"\" srcset=\"https:\/\/huzz.imi.hr\/wp-content\/uploads\/2021\/08\/hrv.png 52w, https:\/\/huzz.imi.hr\/wp-content\/uploads\/2021\/08\/hrv-12x12.png 12w\" sizes=\"auto, (max-width: 40px) 100vw, 40px\" \/><strong>\u017deljko Keli\u0161<\/strong>, Kornelija Bogdan, Mihael Polenus, Goran Butkovi\u0107, Luka Cerove\u010dki, Petar Pukljak: EMISSIONS OF POLLUTANTS FROM THE SHAFT FURNACE FOR LIME PRODUCTION AND NMVOC DETERMINATION IN THE INTERCAL CROATIA COMPANY<\/p>\n\n\n\n<p><img loading=\"lazy\" decoding=\"async\" width=\"40\" height=\"40\" class=\"wp-image-379\" style=\"width: 40px;\" src=\"http:\/\/huzz.imi.hr\/wp-content\/uploads\/2021\/08\/hrv.png\" alt=\"\" srcset=\"https:\/\/huzz.imi.hr\/wp-content\/uploads\/2021\/08\/hrv.png 52w, https:\/\/huzz.imi.hr\/wp-content\/uploads\/2021\/08\/hrv-12x12.png 12w\" sizes=\"auto, (max-width: 40px) 100vw, 40px\" \/><strong>Ivana Roksa<\/strong>, Monika Baba\u010di\u0107, Tamara Tarnik:\nAN EU-ETS OVERVIEW OF THE OBLIGATIONS OF HEP THERMAL POWER PLANTS<\/p>\n\n\n\n<p><img loading=\"lazy\" decoding=\"async\" width=\"40\" height=\"40\" class=\"wp-image-379\" style=\"width: 40px;\" src=\"http:\/\/huzz.imi.hr\/wp-content\/uploads\/2021\/08\/hrv.png\" alt=\"\" srcset=\"https:\/\/huzz.imi.hr\/wp-content\/uploads\/2021\/08\/hrv.png 52w, https:\/\/huzz.imi.hr\/wp-content\/uploads\/2021\/08\/hrv-12x12.png 12w\" sizes=\"auto, (max-width: 40px) 100vw, 40px\" \/><strong>Tamara Tarnik<\/strong>, Ivana Roksa, Monika Baba\u010di\u0107: EUROPEAN CLIMATE POLICY AND ITS IMPACT ON THE \nCROATIAN POWER SUPPLY SYSTEM<\/p>\n\n\n\n<p><img loading=\"lazy\" decoding=\"async\" width=\"40\" height=\"40\" class=\"wp-image-379\" style=\"width: 40px;\" src=\"http:\/\/huzz.imi.hr\/wp-content\/uploads\/2021\/08\/hrv.png\" alt=\"\" srcset=\"https:\/\/huzz.imi.hr\/wp-content\/uploads\/2021\/08\/hrv.png 52w, https:\/\/huzz.imi.hr\/wp-content\/uploads\/2021\/08\/hrv-12x12.png 12w\" sizes=\"auto, (max-width: 40px) 100vw, 40px\" \/><strong>Josipa He\u0107imovi\u0107<\/strong>, Ksenija Papa:\nRAW MATERIAL AND FUEL IMPACT ON SO2 AND TOC EMISSION IN NEXE COMPANY<sub>2<\/sub> I TOC U POSTROJENJU NEXE D.D.<\/p>\n\n\n\n<p><img loading=\"lazy\" decoding=\"async\" width=\"40\" height=\"40\" class=\"wp-image-379\" style=\"width: 40px;\" src=\"http:\/\/huzz.imi.hr\/wp-content\/uploads\/2021\/08\/hrv.png\" alt=\"\" srcset=\"https:\/\/huzz.imi.hr\/wp-content\/uploads\/2021\/08\/hrv.png 52w, https:\/\/huzz.imi.hr\/wp-content\/uploads\/2021\/08\/hrv-12x12.png 12w\" sizes=\"auto, (max-width: 40px) 100vw, 40px\" \/><strong>Darijo Brzoja, <\/strong>Velimir Mili\u0107: INVESTIGATION OF ADMS-URBAN AND LOTOS-EUROS MODEL RESPONSES TO EMISSION REDUCTIONS IN THE ZAGREB REGION<\/p>\n\n\n\n<p><strong>15.15-15.35 \u2013 Technical and business presentation: <\/strong><img decoding=\"async\" class=\"wp-image-415\" style=\"width: NaNpx;\" src=\"http:\/\/huzz.imi.hr\/wp-content\/uploads\/2021\/08\/01-LogotipTagline-Horizontalno-Kolor-SAFEZONE-1.pdf\" alt=\"\"><img decoding=\"async\" class=\"wp-image-416\" style=\"width: NaNpx;\" src=\"http:\/\/huzz.imi.hr\/wp-content\/uploads\/2021\/08\/01-LogotipTagline-Horizontalno-Kolor-SAFEZONE-2.pdf\" alt=\"\"><a href=\"http:\/\/www.smart-sense.hr\/\"><img loading=\"lazy\" decoding=\"async\" width=\"200\" height=\"48\" class=\"wp-image-420\" style=\"width: 200px;\" src=\"http:\/\/huzz.imi.hr\/wp-content\/uploads\/2021\/08\/Smart-sence-novo-1.jpg\" alt=\"\" srcset=\"https:\/\/huzz.imi.hr\/wp-content\/uploads\/2021\/08\/Smart-sence-novo-1.jpg 617w, https:\/\/huzz.imi.hr\/wp-content\/uploads\/2021\/08\/Smart-sence-novo-1-300x72.jpg 300w, https:\/\/huzz.imi.hr\/wp-content\/uploads\/2021\/08\/Smart-sence-novo-1-18x4.jpg 18w, https:\/\/huzz.imi.hr\/wp-content\/uploads\/2021\/08\/Smart-sence-novo-1-604x145.jpg 604w\" sizes=\"auto, (max-width: 200px) 100vw, 200px\" \/><\/a><\/p>\n\n\n\n<p><strong>15.35-15.45 - Coffee break<\/strong><\/p>\n\n\n\n<p><strong>15.45-17.15 \u2013 <span class=\"has-inline-color has-vivid-cyan-blue-color\">Topic 3 - Monitoring ambient air pollution<\/span><\/strong><\/p>\n\n\n\n<p><img loading=\"lazy\" decoding=\"async\" width=\"40\" height=\"40\" class=\"wp-image-379\" style=\"width: 40px;\" src=\"http:\/\/huzz.imi.hr\/wp-content\/uploads\/2021\/08\/hrv.png\" alt=\"\" srcset=\"https:\/\/huzz.imi.hr\/wp-content\/uploads\/2021\/08\/hrv.png 52w, https:\/\/huzz.imi.hr\/wp-content\/uploads\/2021\/08\/hrv-12x12.png 12w\" sizes=\"auto, (max-width: 40px) 100vw, 40px\" \/><strong>Zvjezdana Benceti\u0107 Klai\u0107<\/strong>, Manuel A. Leiva-Guzm\u00e1n, Andrijana Brozin\u010devi\u0107:\nATMOSPHERIC PARTICULATE MATTER LEVELS IN PLITVICE LAKES NATIONAL PARK DURING SUMMER AND FALL<\/p>\n\n\n\n<p><img loading=\"lazy\" decoding=\"async\" width=\"40\" height=\"40\" class=\"wp-image-379\" style=\"width: 40px;\" src=\"http:\/\/huzz.imi.hr\/wp-content\/uploads\/2021\/08\/hrv.png\" alt=\"\" srcset=\"https:\/\/huzz.imi.hr\/wp-content\/uploads\/2021\/08\/hrv.png 52w, https:\/\/huzz.imi.hr\/wp-content\/uploads\/2021\/08\/hrv-12x12.png 12w\" sizes=\"auto, (max-width: 40px) 100vw, 40px\" \/><strong>Vedrana D\u017eaja Grgi\u010din<\/strong>, Velimir Mili\u0107:\nSOURCE APPORTIONMENT OF PARTICULATE MATTER OVER CROATIA USING THE LOTOS-EUROS CHEMICAL TRANSPORT MODEL<\/p>\n\n\n\n<p><img loading=\"lazy\" decoding=\"async\" width=\"40\" height=\"40\" class=\"wp-image-379\" style=\"width: 40px;\" src=\"http:\/\/huzz.imi.hr\/wp-content\/uploads\/2021\/08\/hrv.png\" alt=\"\" srcset=\"https:\/\/huzz.imi.hr\/wp-content\/uploads\/2021\/08\/hrv.png 52w, https:\/\/huzz.imi.hr\/wp-content\/uploads\/2021\/08\/hrv-12x12.png 12w\" sizes=\"auto, (max-width: 40px) 100vw, 40px\" \/><strong>Ivan Be\u0161li\u0107<\/strong>, Silvije Davila, Ranka Godec, Ivana Jakovljevi\u0107, Zdravka Sever \u0160trukil, Silva \u017du\u017eul, Jasmina Rinkovec, Valentina Glu\u0161\u010di\u0107:\nSOURCE APPORTIONEMENT OF AIR POLLUTION IN ZAGREB USING PMF RECEPTOR MODEL<\/p>\n\n\n\n<p><img loading=\"lazy\" decoding=\"async\" width=\"40\" height=\"40\" class=\"wp-image-379\" style=\"width: 40px;\" src=\"http:\/\/huzz.imi.hr\/wp-content\/uploads\/2021\/08\/hrv.png\" alt=\"\" srcset=\"https:\/\/huzz.imi.hr\/wp-content\/uploads\/2021\/08\/hrv.png 52w, https:\/\/huzz.imi.hr\/wp-content\/uploads\/2021\/08\/hrv-12x12.png 12w\" sizes=\"auto, (max-width: 40px) 100vw, 40px\" \/><strong>Darijo Brzoja<\/strong>, Astrid Manders, Velimir Mili\u0107, Vesna Gugec:\nTHE DEVELOPMENT OF AN AIR QUALITY MODELLING SYSTEM FOR ZAGREB, CROATIA<\/p>\n\n\n\n<p><img loading=\"lazy\" decoding=\"async\" width=\"40\" height=\"40\" class=\"wp-image-379\" style=\"width: 40px;\" src=\"http:\/\/huzz.imi.hr\/wp-content\/uploads\/2021\/08\/hrv.png\" alt=\"\" srcset=\"https:\/\/huzz.imi.hr\/wp-content\/uploads\/2021\/08\/hrv.png 52w, https:\/\/huzz.imi.hr\/wp-content\/uploads\/2021\/08\/hrv-12x12.png 12w\" sizes=\"auto, (max-width: 40px) 100vw, 40px\" \/><strong>Gordana Pehnec<\/strong>, Ivan Be\u0161li\u0107, Silvije Davila, Ivana Jakovljevi\u0107, Zdravka Sever \u0160trukil, Valentina Glu\u0161\u010di\u0107: INFLUENCE OF COVID-19 CONTROL MEASURES ON AIR QUALITY IN THE CITY OF ZAGREB<\/p>\n\n\n\n<p><img loading=\"lazy\" decoding=\"async\" width=\"40\" height=\"40\" class=\"wp-image-379\" style=\"width: 40px;\" src=\"http:\/\/huzz.imi.hr\/wp-content\/uploads\/2021\/08\/hrv.png\" alt=\"\" srcset=\"https:\/\/huzz.imi.hr\/wp-content\/uploads\/2021\/08\/hrv.png 52w, https:\/\/huzz.imi.hr\/wp-content\/uploads\/2021\/08\/hrv-12x12.png 12w\" sizes=\"auto, (max-width: 40px) 100vw, 40px\" \/><strong>Velimir Mili\u0107<\/strong>, Vedrana D\u017eaja Grgi\u010din, Darijo Brzoja: THE USE OF THE REGIONAL CHEMICAL TRANSPORT MODEL LOTOS-EUROS OVER THE TERRITORY OF THE REPUBLIC OF CROATIA<\/p>\n\n\n\n<p><strong>17.15-17.30 - Coffee break<\/strong><\/p>\n\n\n\n<p><strong>17.30-18.15 \u2013 <span class=\"has-inline-color has-vivid-cyan-blue-color\">Topic 3 - Monitoring ambient air pollution - <\/span><span class=\"has-inline-color has-black-color\">continuation<\/span><\/strong><\/p>\n\n\n\n<p><img loading=\"lazy\" decoding=\"async\" width=\"40\" height=\"40\" class=\"wp-image-379\" style=\"width: 40px;\" src=\"http:\/\/huzz.imi.hr\/wp-content\/uploads\/2021\/08\/hrv.png\" alt=\"\" srcset=\"https:\/\/huzz.imi.hr\/wp-content\/uploads\/2021\/08\/hrv.png 52w, https:\/\/huzz.imi.hr\/wp-content\/uploads\/2021\/08\/hrv-12x12.png 12w\" sizes=\"auto, (max-width: 40px) 100vw, 40px\" \/><strong>Marko Mari\u0107<\/strong>, Ivana Hrga, Adela Krivohlavek: ECOLOGICAL MAP OF THE CITY OF ZAGREB \u2013 AIR QUALITY<\/p>\n\n\n\n<p><img loading=\"lazy\" decoding=\"async\" width=\"40\" height=\"40\" class=\"wp-image-379\" style=\"width: 40px;\" src=\"http:\/\/huzz.imi.hr\/wp-content\/uploads\/2021\/08\/hrv.png\" alt=\"\" srcset=\"https:\/\/huzz.imi.hr\/wp-content\/uploads\/2021\/08\/hrv.png 52w, https:\/\/huzz.imi.hr\/wp-content\/uploads\/2021\/08\/hrv-12x12.png 12w\" sizes=\"auto, (max-width: 40px) 100vw, 40px\" \/><strong>Ranka Godec<\/strong>, Martina \u0160ilovi\u0107 Huji\u0107, Valentina Glu\u0161\u010di\u0107, Ivan Be\u0161li\u0107, Silvije Davila, Ivana Hrga, Marko Mari\u0107: ECOLOGICAL MAP OF THE CITY OF ZAGREB \u2013 A REVIEW OF CARBON<\/p>\n\n\n\n<p><img loading=\"lazy\" decoding=\"async\" width=\"40\" height=\"40\" class=\"wp-image-379\" style=\"width: 40px;\" src=\"http:\/\/huzz.imi.hr\/wp-content\/uploads\/2021\/08\/hrv.png\" alt=\"\" srcset=\"https:\/\/huzz.imi.hr\/wp-content\/uploads\/2021\/08\/hrv.png 52w, https:\/\/huzz.imi.hr\/wp-content\/uploads\/2021\/08\/hrv-12x12.png 12w\" sizes=\"auto, (max-width: 40px) 100vw, 40px\" \/><strong>Suzana Sop\u010di\u0107<\/strong>, Gordana Pehnec: LEVELS OF ANHYDROSUGARS IN PM<sub>10<\/sub> PARTICULATE MATTER DURING FOUR SEASONS OF 2020<\/p>\n\n\n\n<p class=\"has-text-align-center\"><strong><span class=\"has-inline-color has-vivid-cyan-blue-color\">Thursday, 16th September 2021<\/span><\/strong><\/p>\n\n\n\n<p><strong>9.00-11.00 &#8211; <span class=\"has-inline-color has-vivid-cyan-blue-color\">Topic 7 \u2013 EFCA session: \"Air pollution from shipping emissions\"<\/span><\/strong><\/p>\n\n\n\n<p><img loading=\"lazy\" decoding=\"async\" width=\"40\" height=\"40\" class=\"wp-image-378\" style=\"width: 40px;\" src=\"http:\/\/huzz.imi.hr\/wp-content\/uploads\/2021\/08\/engl.jpg\" alt=\"\" srcset=\"https:\/\/huzz.imi.hr\/wp-content\/uploads\/2021\/08\/engl.jpg 800w, https:\/\/huzz.imi.hr\/wp-content\/uploads\/2021\/08\/engl-300x300.jpg 300w, https:\/\/huzz.imi.hr\/wp-content\/uploads\/2021\/08\/engl-150x150.jpg 150w, https:\/\/huzz.imi.hr\/wp-content\/uploads\/2021\/08\/engl-768x768.jpg 768w, https:\/\/huzz.imi.hr\/wp-content\/uploads\/2021\/08\/engl-12x12.jpg 12w, https:\/\/huzz.imi.hr\/wp-content\/uploads\/2021\/08\/engl-270x270.jpg 270w\" sizes=\"auto, (max-width: 40px) 100vw, 40px\" \/><strong>Andrzej Jagusiewicz:<\/strong> SHIPPING AS AN AGGRESSIVE SECTOR OF ULTRAFINE PARTICLES (UfP) EMISSIONS<\/p>\n\n\n\n<p><img loading=\"lazy\" decoding=\"async\" width=\"40\" height=\"40\" class=\"wp-image-378\" style=\"width: 40px;\" src=\"http:\/\/huzz.imi.hr\/wp-content\/uploads\/2021\/08\/engl.jpg\" alt=\"\" srcset=\"https:\/\/huzz.imi.hr\/wp-content\/uploads\/2021\/08\/engl.jpg 800w, https:\/\/huzz.imi.hr\/wp-content\/uploads\/2021\/08\/engl-300x300.jpg 300w, https:\/\/huzz.imi.hr\/wp-content\/uploads\/2021\/08\/engl-150x150.jpg 150w, https:\/\/huzz.imi.hr\/wp-content\/uploads\/2021\/08\/engl-768x768.jpg 768w, https:\/\/huzz.imi.hr\/wp-content\/uploads\/2021\/08\/engl-12x12.jpg 12w, https:\/\/huzz.imi.hr\/wp-content\/uploads\/2021\/08\/engl-270x270.jpg 270w\" sizes=\"auto, (max-width: 40px) 100vw, 40px\" \/><strong>Nadine Allemand, Gr\u00e9goire Bongrand:<\/strong> MARITIME SHIPPING EMISSIONS, REDUCTION TECHNIQUES AND THEIR COSTS<\/p>\n\n\n\n<p><img loading=\"lazy\" decoding=\"async\" width=\"40\" height=\"40\" class=\"wp-image-378\" style=\"width: 40px;\" src=\"http:\/\/huzz.imi.hr\/wp-content\/uploads\/2021\/08\/engl.jpg\" alt=\"\" srcset=\"https:\/\/huzz.imi.hr\/wp-content\/uploads\/2021\/08\/engl.jpg 800w, https:\/\/huzz.imi.hr\/wp-content\/uploads\/2021\/08\/engl-300x300.jpg 300w, https:\/\/huzz.imi.hr\/wp-content\/uploads\/2021\/08\/engl-150x150.jpg 150w, https:\/\/huzz.imi.hr\/wp-content\/uploads\/2021\/08\/engl-768x768.jpg 768w, https:\/\/huzz.imi.hr\/wp-content\/uploads\/2021\/08\/engl-12x12.jpg 12w, https:\/\/huzz.imi.hr\/wp-content\/uploads\/2021\/08\/engl-270x270.jpg 270w\" sizes=\"auto, (max-width: 40px) 100vw, 40px\" \/><strong>Matija \u0160iroka<\/strong>, Stjepan Pili\u010di\u0107, Teodora Milo\u0161evi\u0107, Ignacio Lacalle, Luka Traven: PORT ENVIRONMENTAL INDEX<\/p>\n\n\n\n<p><img loading=\"lazy\" decoding=\"async\" width=\"40\" height=\"40\" class=\"wp-image-378\" style=\"width: 40px;\" src=\"http:\/\/huzz.imi.hr\/wp-content\/uploads\/2021\/08\/engl.jpg\" alt=\"\" srcset=\"https:\/\/huzz.imi.hr\/wp-content\/uploads\/2021\/08\/engl.jpg 800w, https:\/\/huzz.imi.hr\/wp-content\/uploads\/2021\/08\/engl-300x300.jpg 300w, https:\/\/huzz.imi.hr\/wp-content\/uploads\/2021\/08\/engl-150x150.jpg 150w, https:\/\/huzz.imi.hr\/wp-content\/uploads\/2021\/08\/engl-768x768.jpg 768w, https:\/\/huzz.imi.hr\/wp-content\/uploads\/2021\/08\/engl-12x12.jpg 12w, https:\/\/huzz.imi.hr\/wp-content\/uploads\/2021\/08\/engl-270x270.jpg 270w\" sizes=\"auto, (max-width: 40px) 100vw, 40px\" \/><strong>Ana Alebi\u0107-Jureti\u0107:<\/strong> CHARACTERIZATION OF MARITIME IMPACT ON AIR QUALITY IN THE PORT CITIES OF RIJEKA (CROATIA) AND VENICE (ITALY)<\/p>\n\n\n\n<p><img loading=\"lazy\" decoding=\"async\" width=\"40\" height=\"40\" class=\"wp-image-378\" style=\"width: 40px;\" src=\"http:\/\/huzz.imi.hr\/wp-content\/uploads\/2021\/08\/engl.jpg\" alt=\"\" srcset=\"https:\/\/huzz.imi.hr\/wp-content\/uploads\/2021\/08\/engl.jpg 800w, https:\/\/huzz.imi.hr\/wp-content\/uploads\/2021\/08\/engl-300x300.jpg 300w, https:\/\/huzz.imi.hr\/wp-content\/uploads\/2021\/08\/engl-150x150.jpg 150w, https:\/\/huzz.imi.hr\/wp-content\/uploads\/2021\/08\/engl-768x768.jpg 768w, https:\/\/huzz.imi.hr\/wp-content\/uploads\/2021\/08\/engl-12x12.jpg 12w, https:\/\/huzz.imi.hr\/wp-content\/uploads\/2021\/08\/engl-270x270.jpg 270w\" sizes=\"auto, (max-width: 40px) 100vw, 40px\" \/><strong>Zdenko Frani\u0107:<\/strong> SYSTEM OF MONITORING, REPORTING AND VERIFICATION OF CO<sub>2<\/sub> EMISSIONS IN MARITIME TRANSPORT<\/p>\n\n\n\n<p><img loading=\"lazy\" decoding=\"async\" width=\"40\" height=\"40\" class=\"wp-image-378\" style=\"width: 40px;\" src=\"http:\/\/huzz.imi.hr\/wp-content\/uploads\/2021\/08\/engl.jpg\" alt=\"\" srcset=\"https:\/\/huzz.imi.hr\/wp-content\/uploads\/2021\/08\/engl.jpg 800w, https:\/\/huzz.imi.hr\/wp-content\/uploads\/2021\/08\/engl-300x300.jpg 300w, https:\/\/huzz.imi.hr\/wp-content\/uploads\/2021\/08\/engl-150x150.jpg 150w, https:\/\/huzz.imi.hr\/wp-content\/uploads\/2021\/08\/engl-768x768.jpg 768w, https:\/\/huzz.imi.hr\/wp-content\/uploads\/2021\/08\/engl-12x12.jpg 12w, https:\/\/huzz.imi.hr\/wp-content\/uploads\/2021\/08\/engl-270x270.jpg 270w\" sizes=\"auto, (max-width: 40px) 100vw, 40px\" \/>Sari Repka, Anne Erkkil\u00e4-V\u00e4lim\u00e4ki, Jan Eiof Jonson, Maximilian Posch, Janne T\u00f6rr\u00f6nen Jukka Pekka Jalkanen: ASSESSING THE COST AND ENVIRONMENTAL BENEFITS OF IMO REGULATIONS OF SHIP-ORIGINATED SO<sub>X<\/sub> AND NO<sub>X<\/sub> EMISSIONS IN THE BALTIC SEA &#8211; presented by<strong> Andrzej Jagusiewicz<\/strong><\/p>\n\n\n\n<p><strong>Panel discussion<\/strong><\/p>\n\n\n\n<p><strong>11.00-11.30 <\/strong><strong>\u2013 Coffee break<\/strong><\/p>\n\n\n\n<p><strong>11.30-12.15 \u2013 <span class=\"has-inline-color has-vivid-cyan-blue-color\">Topic 4 - Developing and testing measuring methods<\/span><\/strong><\/p>\n\n\n\n<p><img loading=\"lazy\" decoding=\"async\" width=\"40\" height=\"40\" class=\"wp-image-379\" style=\"width: 40px;\" src=\"http:\/\/huzz.imi.hr\/wp-content\/uploads\/2021\/08\/hrv.png\" alt=\"\" srcset=\"https:\/\/huzz.imi.hr\/wp-content\/uploads\/2021\/08\/hrv.png 52w, https:\/\/huzz.imi.hr\/wp-content\/uploads\/2021\/08\/hrv-12x12.png 12w\" sizes=\"auto, (max-width: 40px) 100vw, 40px\" \/><strong>Anka Ozana \u010cavlovi\u0107<\/strong>, Ivan Be\u0161li\u0107, Stjepan Pervan, Silvana Prekrat, Miljenko Klari\u0107: APPLICATION OF PHOTOMETRY IN DETERMINING THE DUST MASS CONCENTRATION OF THERMALLY MODIFIED HARDWOODS<\/p>\n\n\n\n<p><img loading=\"lazy\" decoding=\"async\" width=\"40\" height=\"40\" class=\"wp-image-379\" style=\"width: 40px;\" src=\"http:\/\/huzz.imi.hr\/wp-content\/uploads\/2021\/08\/hrv.png\" alt=\"\" srcset=\"https:\/\/huzz.imi.hr\/wp-content\/uploads\/2021\/08\/hrv.png 52w, https:\/\/huzz.imi.hr\/wp-content\/uploads\/2021\/08\/hrv-12x12.png 12w\" sizes=\"auto, (max-width: 40px) 100vw, 40px\" \/><strong>Silvije Davila<\/strong>, Gordana Pehnec, Ivan Be\u0161li\u0107:  EXPERIENCES WITH THE WORK OF ELECTROCHEMICAL SENSORS FOR MONITORING AIR QUALITY FROM 2014 TO 2021<\/p>\n\n\n\n<p><img loading=\"lazy\" decoding=\"async\" width=\"40\" height=\"40\" class=\"wp-image-379\" style=\"width: 40px;\" src=\"http:\/\/huzz.imi.hr\/wp-content\/uploads\/2021\/08\/hrv.png\" alt=\"\" srcset=\"https:\/\/huzz.imi.hr\/wp-content\/uploads\/2021\/08\/hrv.png 52w, https:\/\/huzz.imi.hr\/wp-content\/uploads\/2021\/08\/hrv-12x12.png 12w\" sizes=\"auto, (max-width: 40px) 100vw, 40px\" \/><strong>Predrag Hercog<\/strong>, Vedran Va\u0111i\u0107, Zlatko Grgi\u0107: EVALUATION OF RESULTS FROM PROFICIENCY TESTING FOR SO<sub>2<\/sub> AND CO IN AIR OBTAINED IN CROATIA FROM 2010 TO 2018<\/p>\n\n\n\n<p><strong>12.15-12.35 \u2013 Predstavljanje sponzora: <\/strong><a href=\"https:\/\/www.kobis.hr\/\" data-type=\"URL\" data-id=\"https:\/\/www.kobis.hr\/\"><img loading=\"lazy\" decoding=\"async\" width=\"150\" height=\"41\" class=\"wp-image-390\" style=\"width: 150px;\" src=\"http:\/\/huzz.imi.hr\/wp-content\/uploads\/2021\/08\/cropped-logo-kobis-e1502627339871.png\" alt=\"\" srcset=\"https:\/\/huzz.imi.hr\/wp-content\/uploads\/2021\/08\/cropped-logo-kobis-e1502627339871.png 200w, https:\/\/huzz.imi.hr\/wp-content\/uploads\/2021\/08\/cropped-logo-kobis-e1502627339871-18x5.png 18w\" sizes=\"auto, (max-width: 150px) 100vw, 150px\" \/><\/a><\/p>\n\n\n\n<p><strong>12.35-13.30 <\/strong>&#8211; <strong><span class=\"has-inline-color has-vivid-cyan-blue-color\">Poster session<\/span><\/strong><\/p>\n\n\n\n<p><strong>Borna Bo\u017eikovi\u0107<\/strong>, Domagoj Mihajlovi\u0107, Luka Mrvo\u0161: COMPARATIVE MEASUREMENTS OF GROUND OZONE CONCENTRATIONS IN OUTDOOR AIR AT KARLOVAC-1 AND VARA\u017dDIN-1 WITH ANALYZERS TELEDYNE API T400 AND HORIBA APOA 370<\/p>\n\n\n\n<p><strong>Goran Gajski<\/strong>, Marko Geri\u0107, Mirta Mili\u0107, Vilena Ka\u0161uba, Katarina Matkovi\u0107, Gordana Pehnec, Silvije Davila, Ivana Jakovljevi\u0107, Ante Cvitkovi\u0107, Mandica Sankovi\u0107, Antun \u0160umanovac, Ana-Marija Domijan, Irena Br\u010di\u0107 Kara\u010donji, Irina Guseva Canu, Pascal Wild, Nancy Hopf: USUSRET NOVOM PROJEKTU: HUMNap &#8211; ONE\u010cI\u0160\u0106ENJE ZRAKA I BIOMARKERI U\u010cINKA U LJUDI<\/p>\n\n\n\n<p><strong>Valentina Glu\u0161\u010di\u0107<\/strong>, Iva \u0160imi\u0107, Gordana Pehnec: SPATIAL DISTRIBUTION OF IONS IN BULK DEPOSITION IN THE ZAGREB CITY AREA<\/p>\n\n\n\n<p><strong>Ivana Hrga<\/strong>, Iris Bujas, Barbara Stjepanovi\u0107, Anita Vuci\u0107, Ana Ve\u010denaj, Mirjana \u0160pehar, Ivan Ivanec, Nikolina Furlan, Itana Bokan Vuceli\u0107, Danijela Pero\u0161-Pucar, Marijana Matiji\u0107 Cvjetovi\u0107, Ivana Brnica, Mirna Mami\u0107, Tatjana Puljak, Nina Vuletin, \u017deljka Cerovac, Zdenka \u0160u\u0161i\u0107, Mirta Eberhard, Marija Mulanovi\u0107 Smol\u010di\u0107, Vesna Kauzlari\u0107, Lea Ivan\u010di\u0107, Martina Nadih, Jasenka Babi\u0107, Adela Krivohlavek, Dragoslav Dragojlovi\u0107: POLLEN ALLERGY- REAL TIME INFORMATION VIA THE \"PELUDNA PROGNOZA\" APPLICATION<\/p>\n\n\n\n<p><strong>Karla Jagi\u0107<\/strong>, Marija Dvor\u0161\u0107ak, Blanka Tariba Lovakovi\u0107, Darija Klin\u010di\u0107: HOUSEHOLD VARIABLES AFFECTING PBDE AND TRACE ELEMENT CONCENTRATIONS IN HOUSE DUST<\/p>\n\n\n\n<p><strong>Valentina Jagi\u0107<\/strong>, Vesna Gugec: DEVELOPMENT OF A MULTI-USER DATABASE AIR QUALITY NETWORK IN THE GIS SYSTEM FOR THE TERRITORY OF REPUBLIC OF CROATIA<\/p>\n\n\n\n<p><strong>Ivana Jakovljevi\u0107<\/strong>, Zdravka Sever \u0160trukil, Gordana Pehnec: A COMPARISON OF ULTRASONIC EXTRACTION AND ACCELERATED SOLVENT EXTRACTION OF PAH FROM AIR PARTICULATE MATTER<\/p>\n\n\n\n<p>Patricija Kap\u0161, Kristina Jazvo, <strong>Vesna Saraj\u010di\u0107<\/strong>: STATE AIR QUALITY NETWORK DATA CONTROL AND DATA VALIDATION<\/p>\n\n\n\n<p><strong>Zdenko Mlinar<\/strong>, Ivan\u010dica Kova\u010dek, Vesna Bogdan: DEVELOPMENT OF A METHOD FOR DETECTING SARS-CoV-2 IN AIR<\/p>\n\n\n\n<p>Marija Suri\u0107 Mihi\u0107, Branko Petrinec, Gordana Marovi\u0107, Ivan Be\u0161li\u0107, Silvije Davila, Luka Paveli\u0107 i <strong>Jasminka Sen\u010dar<\/strong>: AIR POLLUTION <sup>106<\/sup>Ru IN EUROPE, part two: FINGERPRINT OF <sup>106<\/sup>Ru IN PM<sub>10<\/sub> IN CROATIA<\/p>\n\n\n\n<p><strong>Ivan Pavi\u010di\u0107<\/strong>, Ana Marija Marjanovi\u0107 \u010cermak: PRESENCE OF ASBESTOS FIBERS IN THE AIR AT THE CROATIAN NATIONAL THEATRE BUILNING IN ZAGREB<\/p>\n\n\n\n<p><strong>Nenad Peri\u0161<\/strong>, Angela Stipi\u0161i\u0107: THE GROUND - LEVEL OZONE CONCENTRATIONS IN THE AIR OF THE SPLIT CITY AREA<\/p>\n\n\n\n<p><strong>Branko Petrinec<\/strong>, Marko \u0160o\u0161tari\u0107, Dinko Babi\u0107, Jasminka Sen\u010dar: \nAIR POLLUTION BY <sup>106<\/sup>Ru IN EUROPE, part one: GAMMA - RAY SPECTROMETRY MEASUREMENTS OF <sup>106<\/sup>Ru IN CROATIA<\/p>\n\n\n\n<p><strong>Jasmina Rinkovec,<\/strong> Magdalena Vinceti\u0107, Gordana Pehnec, Silva \u017du\u017eul, <sup>&nbsp;<\/sup>Silvije Davila, Ivan Be\u0161li\u0107: PLATINUM, PALADIUM AND RHODIUM IN ZAGREB AIR<\/p>\n\n\n\n<p><strong>Zdravka Sever \u0160trukil<\/strong>, Ivana Jakovljevi\u0107, Ranka Godec, Gordana Pehnec: CARCINOGENIC ACTIVITY OF POLYCYCLIC AROMATIC HYDROCARBONS IN PM<sub>1<\/sub> PARTICLE FRACTION IN ZAGREB<\/p>\n\n\n\n<p><strong>Stipica \u0160ar\u010devi\u0107<\/strong>EVALUATION OF AIR QUALITY IN CROATIA BASED ON THE RESULTS OF THE MEASUREMENTS 2016 - 2020 WITH REGARD TO PARTICULATE MATTER CONTAMINATION<sub>10<\/sub> I PM<sub>2.5<\/sub> , NO<sub>2<\/sub> AND OZONE<\/p>\n\n\n\n<p><strong>Magdalena Vinceti\u0107<\/strong>, Jasmina Rinkovec, Silva \u017du\u017eul, Ivan Be\u0161li\u0107,  Silvije Davila, Ivana Hrga, Adela Krivohlavek: METALI U PM<sub>10<\/sub> PARTICLES DURING WINTER AT DIFFERENT SITES IN ZAGREB&nbsp;<\/p>\n\n\n\n<p><strong>13.30-14.00 &#8211; <\/strong> <span class=\"has-inline-color has-vivid-cyan-blue-color\"><strong>Tema 8 \u2013 IUAPPA AND GLOBAL FORUM SPECIAL SESSION:<\/strong> <strong><strong>\u201cRespiratory pandemics and air pollution: exploring the links\u201c<\/strong><\/strong><\/span><\/p>\n\n\n\n<p><strong>WHO representative<\/strong><\/p>\n\n\n\n<p><strong>14.-14.30<\/strong> &#8211; <strong>Lunch break<\/strong><\/p>\n\n\n\n<p><strong>14.30-16.00 \u2013 <span class=\"has-inline-color has-vivid-cyan-blue-color\">Topic 8 - IUAPPA AND GLOBAL FORUM SPECIAL SESSION: \u201cRespiratory pandemics and air pollution: exploring the links\u201c<\/span><\/strong> &#8211; <strong><span class=\"has-inline-color has-black-color\">continuation<\/span><\/strong><\/p>\n\n\n\n<p><img loading=\"lazy\" decoding=\"async\" width=\"40\" height=\"40\" class=\"wp-image-378\" style=\"width: 40px;\" src=\"http:\/\/huzz.imi.hr\/wp-content\/uploads\/2021\/08\/engl.jpg\" alt=\"\" srcset=\"https:\/\/huzz.imi.hr\/wp-content\/uploads\/2021\/08\/engl.jpg 800w, https:\/\/huzz.imi.hr\/wp-content\/uploads\/2021\/08\/engl-300x300.jpg 300w, https:\/\/huzz.imi.hr\/wp-content\/uploads\/2021\/08\/engl-150x150.jpg 150w, https:\/\/huzz.imi.hr\/wp-content\/uploads\/2021\/08\/engl-768x768.jpg 768w, https:\/\/huzz.imi.hr\/wp-content\/uploads\/2021\/08\/engl-12x12.jpg 12w, https:\/\/huzz.imi.hr\/wp-content\/uploads\/2021\/08\/engl-270x270.jpg 270w\" sizes=\"auto, (max-width: 40px) 100vw, 40px\" \/><strong>Heather Watson:<\/strong> UNDERSTANDING THE RELATIONSHIPS BETWEEN COVID-19 AND AIR POLLUTION: PROGRESS SO FAR AND PRIORITIES FOR FUTURE WORK<\/p>\n\n\n\n<p><img loading=\"lazy\" decoding=\"async\" width=\"40\" height=\"40\" class=\"wp-image-378\" style=\"width: 40px;\" src=\"http:\/\/huzz.imi.hr\/wp-content\/uploads\/2021\/08\/engl.jpg\" alt=\"\" srcset=\"https:\/\/huzz.imi.hr\/wp-content\/uploads\/2021\/08\/engl.jpg 800w, https:\/\/huzz.imi.hr\/wp-content\/uploads\/2021\/08\/engl-300x300.jpg 300w, https:\/\/huzz.imi.hr\/wp-content\/uploads\/2021\/08\/engl-150x150.jpg 150w, https:\/\/huzz.imi.hr\/wp-content\/uploads\/2021\/08\/engl-768x768.jpg 768w, https:\/\/huzz.imi.hr\/wp-content\/uploads\/2021\/08\/engl-12x12.jpg 12w, https:\/\/huzz.imi.hr\/wp-content\/uploads\/2021\/08\/engl-270x270.jpg 270w\" sizes=\"auto, (max-width: 40px) 100vw, 40px\" \/><strong>Robert Maynard:<\/strong> AIR POLLUTION AND THE COVID-19 PANDEMIC: A REVIEW OF SOME INITIAL STUDIES<\/p>\n\n\n\n<p><img loading=\"lazy\" decoding=\"async\" width=\"40\" height=\"40\" class=\"wp-image-378\" style=\"width: 40px;\" src=\"http:\/\/huzz.imi.hr\/wp-content\/uploads\/2021\/08\/engl.jpg\" alt=\"\" srcset=\"https:\/\/huzz.imi.hr\/wp-content\/uploads\/2021\/08\/engl.jpg 800w, https:\/\/huzz.imi.hr\/wp-content\/uploads\/2021\/08\/engl-300x300.jpg 300w, https:\/\/huzz.imi.hr\/wp-content\/uploads\/2021\/08\/engl-150x150.jpg 150w, https:\/\/huzz.imi.hr\/wp-content\/uploads\/2021\/08\/engl-768x768.jpg 768w, https:\/\/huzz.imi.hr\/wp-content\/uploads\/2021\/08\/engl-12x12.jpg 12w, https:\/\/huzz.imi.hr\/wp-content\/uploads\/2021\/08\/engl-270x270.jpg 270w\" sizes=\"auto, (max-width: 40px) 100vw, 40px\" \/><strong>Robert Maynard:<\/strong> REVIEW FIVE OF THE MORE SIGNIFICANT PEER-REVIEWED STUDIES FROM 2020 AND 2021 AND ASSESS THEIR IMPLICATIONS FOR THE DIRECTION OF FUTURE WORK<\/p>\n\n\n\n<p><img loading=\"lazy\" decoding=\"async\" width=\"40\" height=\"40\" class=\"wp-image-378\" style=\"width: 40px;\" src=\"http:\/\/huzz.imi.hr\/wp-content\/uploads\/2021\/08\/engl.jpg\" alt=\"\" srcset=\"https:\/\/huzz.imi.hr\/wp-content\/uploads\/2021\/08\/engl.jpg 800w, https:\/\/huzz.imi.hr\/wp-content\/uploads\/2021\/08\/engl-300x300.jpg 300w, https:\/\/huzz.imi.hr\/wp-content\/uploads\/2021\/08\/engl-150x150.jpg 150w, https:\/\/huzz.imi.hr\/wp-content\/uploads\/2021\/08\/engl-768x768.jpg 768w, https:\/\/huzz.imi.hr\/wp-content\/uploads\/2021\/08\/engl-12x12.jpg 12w, https:\/\/huzz.imi.hr\/wp-content\/uploads\/2021\/08\/engl-270x270.jpg 270w\" sizes=\"auto, (max-width: 40px) 100vw, 40px\" \/><strong>Chiara Copat:<\/strong> THE ROLE OF AIR POLLUTION (PM<sub>10<\/sub> AND NO<sub>2<\/sub>) IN COVID-19 SPREAD AND LETHALITY<\/p>\n\n\n\n<p><img loading=\"lazy\" decoding=\"async\" width=\"40\" height=\"40\" class=\"wp-image-378\" style=\"width: 40px;\" src=\"http:\/\/huzz.imi.hr\/wp-content\/uploads\/2021\/08\/engl.jpg\" alt=\"\" srcset=\"https:\/\/huzz.imi.hr\/wp-content\/uploads\/2021\/08\/engl.jpg 800w, https:\/\/huzz.imi.hr\/wp-content\/uploads\/2021\/08\/engl-300x300.jpg 300w, https:\/\/huzz.imi.hr\/wp-content\/uploads\/2021\/08\/engl-150x150.jpg 150w, https:\/\/huzz.imi.hr\/wp-content\/uploads\/2021\/08\/engl-768x768.jpg 768w, https:\/\/huzz.imi.hr\/wp-content\/uploads\/2021\/08\/engl-12x12.jpg 12w, https:\/\/huzz.imi.hr\/wp-content\/uploads\/2021\/08\/engl-270x270.jpg 270w\" sizes=\"auto, (max-width: 40px) 100vw, 40px\" \/><strong>Young Sunwoo<\/strong>: REDUCTION OF AIR POLLUTION DUE TO COVID-19 IN THE SEOUL METROPOLITAN AREA<\/p>\n\n\n\n<p><strong>16.00-16.30 <\/strong><strong>\u2013 Coffee break<\/strong><\/p>\n\n\n\n<p><strong>16.30-16.40 \u2013 Technical and business presentation: <\/strong><a href=\"https:\/\/eko-monitoring.hr\/\" data-type=\"URL\" data-id=\"https:\/\/eko-monitoring.hr\/\"><img loading=\"lazy\" decoding=\"async\" width=\"200\" height=\"33\" class=\"wp-image-391\" style=\"width: 200px;\" src=\"http:\/\/huzz.imi.hr\/wp-content\/uploads\/2021\/08\/eko-monitoring.png\" alt=\"\" srcset=\"https:\/\/huzz.imi.hr\/wp-content\/uploads\/2021\/08\/eko-monitoring.png 312w, https:\/\/huzz.imi.hr\/wp-content\/uploads\/2021\/08\/eko-monitoring-300x49.png 300w, https:\/\/huzz.imi.hr\/wp-content\/uploads\/2021\/08\/eko-monitoring-18x3.png 18w\" sizes=\"auto, (max-width: 200px) 100vw, 200px\" \/><\/a><\/p>\n\n\n\n<p><strong>16.45-17.45 &#8211; <span class=\"has-inline-color has-vivid-cyan-blue-color\">Topic 5 \u2013 Estimating exposure to air pollutants and impact on health <\/span><\/strong><\/p>\n\n\n\n<p><img loading=\"lazy\" decoding=\"async\" width=\"40\" height=\"40\" class=\"wp-image-379\" style=\"width: 40px;\" src=\"http:\/\/huzz.imi.hr\/wp-content\/uploads\/2021\/08\/hrv.png\" alt=\"\" srcset=\"https:\/\/huzz.imi.hr\/wp-content\/uploads\/2021\/08\/hrv.png 52w, https:\/\/huzz.imi.hr\/wp-content\/uploads\/2021\/08\/hrv-12x12.png 12w\" sizes=\"auto, (max-width: 40px) 100vw, 40px\" \/><strong>Ka\u0107a Pileti\u0107<\/strong>, Dijana Tomi\u0107 Lin\u0161ak, Marin Repusti\u0107, Ivana Gobin: EFFECT OF GASEOUS OZONE ON AIR QUALITY IN HOSPITAL ENVIRONMENT<\/p>\n\n\n\n<p><img loading=\"lazy\" decoding=\"async\" width=\"40\" height=\"40\" class=\"wp-image-379\" style=\"width: 40px;\" src=\"http:\/\/huzz.imi.hr\/wp-content\/uploads\/2021\/08\/hrv.png\" alt=\"\" srcset=\"https:\/\/huzz.imi.hr\/wp-content\/uploads\/2021\/08\/hrv.png 52w, https:\/\/huzz.imi.hr\/wp-content\/uploads\/2021\/08\/hrv-12x12.png 12w\" sizes=\"auto, (max-width: 40px) 100vw, 40px\" \/><strong>Lucija Ra\u017eov<\/strong>, Nikolina Furlan, Ivana Gobin, Gabrijela Begi\u0107, Dijana Tomi\u0107 Lin\u0161ak, Goran Crvelin, \u017deljko Lin\u0161ak: BACTERIAL FILTRATION EFFICIENCY OF DIFFERENT TYPES OF PROTECTIVE MASKS<\/p>\n\n\n\n<p><img loading=\"lazy\" decoding=\"async\" width=\"40\" height=\"40\" class=\"wp-image-379\" style=\"width: 40px;\" src=\"http:\/\/huzz.imi.hr\/wp-content\/uploads\/2021\/08\/hrv.png\" alt=\"\" srcset=\"https:\/\/huzz.imi.hr\/wp-content\/uploads\/2021\/08\/hrv.png 52w, https:\/\/huzz.imi.hr\/wp-content\/uploads\/2021\/08\/hrv-12x12.png 12w\" sizes=\"auto, (max-width: 40px) 100vw, 40px\" \/><strong>Ivana Hrga<\/strong>, Ana Ve\u010denaj, Barbara Stjepanovi\u0107, Jasenka Babi\u0107, Dragoslav Dragojlovi\u0107, Adela Krivohlavek: PRESENTING BIRCH POLLEN IN THE AIR OF THE CITY OF ZAGREB AND ITS IMPACT ON HEALTH AND QUALITY OF LIFE<\/p>\n\n\n\n<p><img loading=\"lazy\" decoding=\"async\" width=\"40\" height=\"40\" class=\"wp-image-379\" style=\"width: 40px;\" src=\"http:\/\/huzz.imi.hr\/wp-content\/uploads\/2021\/08\/hrv.png\" alt=\"\" srcset=\"https:\/\/huzz.imi.hr\/wp-content\/uploads\/2021\/08\/hrv.png 52w, https:\/\/huzz.imi.hr\/wp-content\/uploads\/2021\/08\/hrv-12x12.png 12w\" sizes=\"auto, (max-width: 40px) 100vw, 40px\" \/><strong>Zdenka \u0160u\u0161i\u0107<\/strong>, Mirta Eberhard, Hrvoje Mrkonji\u0107, Ivan Damjanovi\u0107: TWENTY YEARS OF RAGWEED (<em>Ambrosia artemisiifolia<\/em> L.) POLLEN CONCENTRATION MEASUREMENTS IN OSIJEK\u2013BARANJA COUNTY<\/p>\n\n\n\n<p><strong>17.45-18.30 \u2013&nbsp; <span class=\"has-inline-color has-vivid-cyan-blue-color\">Topic 6 - Air protection in physical planning, construction and environmental protection<\/span><\/strong><\/p>\n\n\n\n<p><img loading=\"lazy\" decoding=\"async\" width=\"40\" height=\"40\" class=\"wp-image-379\" style=\"width: 40px;\" src=\"http:\/\/huzz.imi.hr\/wp-content\/uploads\/2021\/08\/hrv.png\" alt=\"\" srcset=\"https:\/\/huzz.imi.hr\/wp-content\/uploads\/2021\/08\/hrv.png 52w, https:\/\/huzz.imi.hr\/wp-content\/uploads\/2021\/08\/hrv-12x12.png 12w\" sizes=\"auto, (max-width: 40px) 100vw, 40px\" \/><strong>\u017deljka Zgorelec<\/strong>, Jasmina Rinkovec, Gordana Pehnec, Milan Mesi\u0107, Ivica Kisi\u0107, Igor Bogunovi\u0107, Aleksandra Per\u010din, Ivana \u0160estak, Darija Biland\u017eija, Marija Gali\u0107, Iva Hrelja: Pt, Pd AND Rh CONCENTRATIONS IN AIR, SOIL AND PLANTS IN THE CITY OF ZAGREB<\/p>\n\n\n\n<p><img loading=\"lazy\" decoding=\"async\" width=\"40\" height=\"40\" class=\"wp-image-379\" style=\"width: 40px;\" src=\"http:\/\/huzz.imi.hr\/wp-content\/uploads\/2021\/08\/hrv.png\" alt=\"\" srcset=\"https:\/\/huzz.imi.hr\/wp-content\/uploads\/2021\/08\/hrv.png 52w, https:\/\/huzz.imi.hr\/wp-content\/uploads\/2021\/08\/hrv-12x12.png 12w\" sizes=\"auto, (max-width: 40px) 100vw, 40px\" \/><strong>Silva \u017du\u017eul<\/strong>, Valentina Glu\u0161\u010di\u0107, Iva \u0160imi\u0107, Abra Penezi\u0107, Andrea Milinkovi\u0107, Sanja Frka: HEAVY METALS IN DEPOSITED MATTER IN THE VICINITY OF \u0160IBENIK<\/p>\n\n\n\n<p><img loading=\"lazy\" decoding=\"async\" width=\"40\" height=\"40\" class=\"wp-image-379\" style=\"width: 40px;\" src=\"http:\/\/huzz.imi.hr\/wp-content\/uploads\/2021\/08\/hrv.png\" alt=\"\" srcset=\"https:\/\/huzz.imi.hr\/wp-content\/uploads\/2021\/08\/hrv.png 52w, https:\/\/huzz.imi.hr\/wp-content\/uploads\/2021\/08\/hrv-12x12.png 12w\" sizes=\"auto, (max-width: 40px) 100vw, 40px\" \/><strong>Iva \u0160imi\u0107<\/strong>, Gordana Menda\u0161 Star\u010devi\u0107, Ranka Godec, Martina \u0160ilovi\u0107 Huji\u0107, Gordana Pehnec: ORGANIC POLLUTANTS IN THE TOTAL DEPOSITED MATTER OF THE AREA OF ZAGREB AND SOUTH OF THE SAVA RIVER<\/p>\n\n\n\n<p><strong>20.00 &#8211; <span class=\"has-inline-color has-vivid-cyan-blue-color\">Conference dinner<\/span><\/strong><\/p>\n\n\n\n<p class=\"has-text-align-center\"><strong><span class=\"has-inline-color has-vivid-cyan-blue-color\">Friday, 17th September 2021<\/span><\/strong><\/p>\n\n\n\n<p><strong>9.00-10.30 \u2013 <span class=\"has-inline-color has-vivid-cyan-blue-color\">Round table \u2013 Final discussion on all topics of the Conference<\/span><\/strong><\/p>\n\n\n\n<p><strong>10.30-11.00 &#8211; <span class=\"has-inline-color has-vivid-cyan-blue-color\">Closing of the Conference<\/span><\/strong><\/p>\n\n\n\n<p><strong>Excursion<\/strong><\/p>\n\n\n\n<p><img loading=\"lazy\" decoding=\"async\" width=\"40\" height=\"40\" class=\"wp-image-379\" style=\"width: 40px;\" src=\"http:\/\/huzz.imi.hr\/wp-content\/uploads\/2021\/08\/hrv.png\" alt=\"\" srcset=\"https:\/\/huzz.imi.hr\/wp-content\/uploads\/2021\/08\/hrv.png 52w, https:\/\/huzz.imi.hr\/wp-content\/uploads\/2021\/08\/hrv-12x12.png 12w\" sizes=\"auto, (max-width: 40px) 100vw, 40px\" \/><span class=\"has-inline-color has-black-color\">&nbsp;<strong>- presentation in Croatian&nbsp;<\/strong><a><strong>&nbsp;<\/strong><\/a><\/span><\/p>\n\n\n\n<p><img loading=\"lazy\" decoding=\"async\" width=\"40\" height=\"40\" class=\"wp-image-378\" style=\"width: 40px;\" src=\"http:\/\/huzz.imi.hr\/wp-content\/uploads\/2021\/08\/engl.jpg\" alt=\"\" srcset=\"https:\/\/huzz.imi.hr\/wp-content\/uploads\/2021\/08\/engl.jpg 800w, https:\/\/huzz.imi.hr\/wp-content\/uploads\/2021\/08\/engl-300x300.jpg 300w, https:\/\/huzz.imi.hr\/wp-content\/uploads\/2021\/08\/engl-150x150.jpg 150w, https:\/\/huzz.imi.hr\/wp-content\/uploads\/2021\/08\/engl-768x768.jpg 768w, https:\/\/huzz.imi.hr\/wp-content\/uploads\/2021\/08\/engl-12x12.jpg 12w, https:\/\/huzz.imi.hr\/wp-content\/uploads\/2021\/08\/engl-270x270.jpg 270w\" sizes=\"auto, (max-width: 40px) 100vw, 40px\" \/><strong>- presentation in English<\/strong><\/p>\n\n\n\n<figure class=\"wp-block-table\"><table><tbody><tr><td><strong><span class=\"has-inline-color has-vivid-cyan-blue-color\">NOTICE FOR CONFERENCE PARTICIPANTS<\/span><\/strong><\/td><\/tr><\/tbody><\/table><\/figure>\n\n\n\n<p>All presenters should send their presentations and posters to <a href=\"mailto:sazeci-zrak2021@huzz.hr\"><span class=\"has-inline-color has-vivid-cyan-blue-color\">sazeci-zrak2021@huzz.hr<\/span><\/a> najkasnije do<strong> <span class=\"has-inline-color has-vivid-cyan-blue-color\">September, 3rd 2021<\/span>.<\/strong><\/p>\n\n\n\n<p>The recommended poster dimensions are <strong>80 cm x 100 cm<\/strong> or <strong>90 cm x 110 cm<\/strong> (width x height). During the poster session, the authors will briefly (2-3 minutes) present their results. The posters presented in the section will participate in the selection for the best poster.<\/p>\n\n\n\n<p>The Conference will be held live and virtually via the <strong>Microsoft Teams platform<\/strong>Registered participants will subsequently receive instructions and connection information.<strong>.<\/strong><\/p>\n\n\n\n<p>All participants of the Conference are obliged to follow the instructions and epidemiological recommendations of the Croatian Institute of Public Health, which prescribe the provision of general and special hygienic and safety measures regarding COVID-19, and are available at <a href=\"https:\/\/translate.google.com\/translate?sl=hr&amp;tl=en&amp;u=https:\/\/www.hzjz.hr\/sluzba-epidemiologija-zarazne-bolesti\/koronavirus-najnovije-preporuke\/\"><span class=\"has-inline-color has-vivid-cyan-blue-color\">https:\/\/translate.google.com\/translate?sl=hr&amp;tl=en&amp;u=https:\/\/www.hzjz.hr\/sluzba-epidemiologija-zarazne-bolesti\/koronavirus-najnovije-preporuke\/<\/span><\/a>. If additional epidemiological measures are taken, we will send an e-mail with instructions to registered participants. We ask participants to follow the information on the CAPPA website <a href=\"http:\/\/huzz.imi.hr\/en\/index.php\/rad\/\"><span class=\"has-inline-color has-vivid-cyan-blue-color\">www.huzz.hr<\/span><\/a><\/p>\n\n\n\n<p>Authors may send the results presented at the \u201cAir Protection 2021\u201d Conference in the form of a scientific paper to be published in the journal Archives of Industrial Hygiene and Toxicology (<span class=\"has-inline-color has-vivid-cyan-blue-color\"><a href=\"https:\/\/www.imi.hr\/en\/publishing\/archives-of-industrial-hygiene-and-toxicology\/\">https:\/\/www.imi.hr\/en\/publishing\/archives-of-industrial-hygiene-and-toxicology\/<\/a><\/span>) indexed in SCI Expanded, Medline\/PubMed, Scopus and other databases.<\/p>\n\n\n\n<p>After the Conference, the <strong><span class=\"has-inline-color has-vivid-cyan-blue-color\">Proceedings of full papers (\u201cin extenso\u201c) in electronic form<\/span><\/strong>will be published. Instructions for preparing papers for the Proceedings can be found at: <a href=\"http:\/\/huzz.imi.hr\/en\/index.php\/rad\/\"><span class=\"has-inline-color has-vivid-cyan-blue-color\">www.huzz.hr<\/span><\/a>The papers should be sent as an attachment to: <span class=\"has-inline-color has-vivid-cyan-blue-color\"><a href=\"mailto:radovi-zrak2021@huzz.hr\">radovi-zrak2021@huzz.hr<\/a><\/span> to <strong><span class=\"has-inline-color has-vivid-cyan-blue-color\">30.10.2021<\/span><\/strong>. Submitted papers will undergo a review process.<\/p>\n\n\n\n<p><span class=\"has-inline-color has-vivid-cyan-blue-color\"><strong>CONTACT<\/strong><\/span><\/p>\n\n\n\n<div class=\"wp-block-group\"><div class=\"wp-block-group__inner-container is-layout-flow wp-block-group-is-layout-flow\">\n<p>Ranka Godec, PhD <br>Croatian Air Pollution Prevention Association <br>Ksaverska c., 2 <br>HR-10000 ZAGREB, Croatia <br>Tel: +385 1 4682-585; 4682-586 <br>Fax: +385 1 4673-303 <br>E-mail: <a href=\"mailto:kontakt-zrak2021@huzz.hr\"><span class=\"has-inline-color has-vivid-cyan-blue-color\">kontakt-zrak2021@huzz.hr<\/span><\/a> or <a href=\"mailto:info@huzz.hr\">info@huzz.hr<\/a> <br>Web: <a href=\"http:\/\/huzz.imi.hr\/en\/index.php\/rad\/\"><span class=\"has-inline-color has-vivid-cyan-blue-color\">www.huzz.hr<\/span><\/a><\/p>\n<\/div><\/div>\n\n\n\n<figure class=\"wp-block-table\"><table><tbody><tr><td><strong><span class=\"has-inline-color has-vivid-cyan-blue-color\">SPONSORS<\/span><\/strong><\/td><\/tr><\/tbody><\/table><\/figure>\n\n\n\n<div class=\"wp-block-image\"><figure class=\"aligncenter size-large\"><img loading=\"lazy\" decoding=\"async\" width=\"617\" height=\"148\" src=\"http:\/\/huzz.imi.hr\/wp-content\/uploads\/2021\/08\/Smart-sence-novo-1.jpg\" alt=\"\" class=\"wp-image-420\" srcset=\"https:\/\/huzz.imi.hr\/wp-content\/uploads\/2021\/08\/Smart-sence-novo-1.jpg 617w, https:\/\/huzz.imi.hr\/wp-content\/uploads\/2021\/08\/Smart-sence-novo-1-300x72.jpg 300w, https:\/\/huzz.imi.hr\/wp-content\/uploads\/2021\/08\/Smart-sence-novo-1-18x4.jpg 18w, https:\/\/huzz.imi.hr\/wp-content\/uploads\/2021\/08\/Smart-sence-novo-1-604x145.jpg 604w\" sizes=\"auto, (max-width: 617px) 100vw, 617px\" \/><\/figure><\/div>\n\n\n\n<div class=\"wp-block-image\"><figure class=\"aligncenter size-large is-resized\"><a href=\"https:\/\/www.kobis.hr\/\"><img loading=\"lazy\" decoding=\"async\" src=\"http:\/\/huzz.imi.hr\/wp-content\/uploads\/2021\/08\/cropped-logo-kobis-e1502627339871.png\" alt=\"\" class=\"wp-image-390\" width=\"339\" height=\"93\" srcset=\"https:\/\/huzz.imi.hr\/wp-content\/uploads\/2021\/08\/cropped-logo-kobis-e1502627339871.png 200w, https:\/\/huzz.imi.hr\/wp-content\/uploads\/2021\/08\/cropped-logo-kobis-e1502627339871-18x5.png 18w\" sizes=\"auto, (max-width: 339px) 100vw, 339px\" \/><\/a><\/figure><\/div>\n\n\n\n<div class=\"wp-block-image\"><figure class=\"aligncenter size-large is-resized\"><a href=\"https:\/\/www.alphachrom.hr\/\"><img loading=\"lazy\" decoding=\"async\" src=\"http:\/\/huzz.imi.hr\/wp-content\/uploads\/2021\/08\/AlphaChrom2.png\" alt=\"\" class=\"wp-image-385\" width=\"342\" height=\"187\" srcset=\"https:\/\/huzz.imi.hr\/wp-content\/uploads\/2021\/08\/AlphaChrom2.png 400w, https:\/\/huzz.imi.hr\/wp-content\/uploads\/2021\/08\/AlphaChrom2-300x164.png 300w, https:\/\/huzz.imi.hr\/wp-content\/uploads\/2021\/08\/AlphaChrom2-18x10.png 18w\" sizes=\"auto, (max-width: 342px) 100vw, 342px\" \/><\/a><\/figure><\/div>\n\n\n\n<div class=\"wp-block-image\"><figure class=\"aligncenter size-large is-resized\"><a href=\"https:\/\/eko-monitoring.hr\/\"><img loading=\"lazy\" decoding=\"async\" src=\"http:\/\/huzz.imi.hr\/wp-content\/uploads\/2021\/08\/eko-monitoring.png\" alt=\"\" class=\"wp-image-391\" width=\"413\" height=\"68\" srcset=\"https:\/\/huzz.imi.hr\/wp-content\/uploads\/2021\/08\/eko-monitoring.png 312w, https:\/\/huzz.imi.hr\/wp-content\/uploads\/2021\/08\/eko-monitoring-300x49.png 300w, https:\/\/huzz.imi.hr\/wp-content\/uploads\/2021\/08\/eko-monitoring-18x3.png 18w\" sizes=\"auto, (max-width: 413px) 100vw, 413px\" \/><\/a><\/figure><\/div>\n\n\n\n<div class=\"wp-block-image\"><figure class=\"aligncenter size-large\"><a href=\"https:\/\/kemolab.hr\/\"><img loading=\"lazy\" decoding=\"async\" width=\"409\" height=\"81\" src=\"http:\/\/huzz.imi.hr\/wp-content\/uploads\/2021\/08\/kemolab.jpg\" alt=\"\" class=\"wp-image-397\" srcset=\"https:\/\/huzz.imi.hr\/wp-content\/uploads\/2021\/08\/kemolab.jpg 409w, https:\/\/huzz.imi.hr\/wp-content\/uploads\/2021\/08\/kemolab-300x59.jpg 300w, https:\/\/huzz.imi.hr\/wp-content\/uploads\/2021\/08\/kemolab-18x4.jpg 18w\" sizes=\"auto, (max-width: 409px) 100vw, 409px\" \/><\/a><\/figure><\/div>\n\n\n\n<div class=\"wp-block-image\"><figure class=\"aligncenter size-large\"><a href=\"https:\/\/www.mt.com\/hr\/hr\/home.html\"><img loading=\"lazy\" decoding=\"async\" width=\"336\" height=\"150\" src=\"http:\/\/huzz.imi.hr\/wp-content\/uploads\/2021\/08\/MT.png\" alt=\"\" class=\"wp-image-398\" srcset=\"https:\/\/huzz.imi.hr\/wp-content\/uploads\/2021\/08\/MT.png 336w, https:\/\/huzz.imi.hr\/wp-content\/uploads\/2021\/08\/MT-300x134.png 300w, https:\/\/huzz.imi.hr\/wp-content\/uploads\/2021\/08\/MT-18x8.png 18w\" sizes=\"auto, (max-width: 336px) 100vw, 336px\" \/><\/a><\/figure><\/div>\n\n\n\n<div class=\"wp-block-image\"><figure class=\"aligncenter size-large is-resized\"><a href=\"http:\/\/www.anas.com.hr\/\"><img loading=\"lazy\" decoding=\"async\" src=\"http:\/\/huzz.imi.hr\/wp-content\/uploads\/2021\/08\/anas-logo-80.png\" alt=\"\" class=\"wp-image-399\" width=\"232\" height=\"106\" srcset=\"https:\/\/huzz.imi.hr\/wp-content\/uploads\/2021\/08\/anas-logo-80.png 173w, https:\/\/huzz.imi.hr\/wp-content\/uploads\/2021\/08\/anas-logo-80-18x8.png 18w\" sizes=\"auto, (max-width: 232px) 100vw, 232px\" \/><\/a><\/figure><\/div>\n\n\n\n<div class=\"wp-block-image\"><figure class=\"aligncenter size-large is-resized\"><a href=\"http:\/\/www.biovit.hr\/\"><img loading=\"lazy\" decoding=\"async\" src=\"http:\/\/huzz.imi.hr\/wp-content\/uploads\/2021\/08\/biovit-logotip-2-1-300x63-1.jpg\" alt=\"\" class=\"wp-image-400\" width=\"350\" height=\"74\" srcset=\"https:\/\/huzz.imi.hr\/wp-content\/uploads\/2021\/08\/biovit-logotip-2-1-300x63-1.jpg 300w, https:\/\/huzz.imi.hr\/wp-content\/uploads\/2021\/08\/biovit-logotip-2-1-300x63-1-18x4.jpg 18w\" sizes=\"auto, (max-width: 350px) 100vw, 350px\" \/><\/a><\/figure><\/div>\n\n\n\n<div class=\"wp-block-image\"><figure class=\"aligncenter size-large is-resized\"><a href=\"http:\/\/www.ekonerg.hr\/ekonerg\/index.html\"><img loading=\"lazy\" decoding=\"async\" src=\"http:\/\/huzz.imi.hr\/wp-content\/uploads\/2021\/08\/ekonerg.png\" alt=\"\" class=\"wp-image-401\" width=\"316\" height=\"57\" srcset=\"https:\/\/huzz.imi.hr\/wp-content\/uploads\/2021\/08\/ekonerg.png 155w, https:\/\/huzz.imi.hr\/wp-content\/uploads\/2021\/08\/ekonerg-150x28.png 150w, https:\/\/huzz.imi.hr\/wp-content\/uploads\/2021\/08\/ekonerg-18x3.png 18w\" sizes=\"auto, (max-width: 316px) 100vw, 316px\" \/><\/a><\/figure><\/div>\n\n\n\n<div class=\"wp-block-image\"><figure class=\"aligncenter size-large\"><a href=\"http:\/\/labomar.hr\/\"><img loading=\"lazy\" decoding=\"async\" width=\"350\" height=\"62\" src=\"http:\/\/huzz.imi.hr\/wp-content\/uploads\/2021\/08\/labomar-logo.jpg\" alt=\"\" class=\"wp-image-402\" srcset=\"https:\/\/huzz.imi.hr\/wp-content\/uploads\/2021\/08\/labomar-logo.jpg 350w, https:\/\/huzz.imi.hr\/wp-content\/uploads\/2021\/08\/labomar-logo-300x53.jpg 300w, https:\/\/huzz.imi.hr\/wp-content\/uploads\/2021\/08\/labomar-logo-18x3.jpg 18w\" sizes=\"auto, (max-width: 350px) 100vw, 350px\" \/><\/a><\/figure><\/div>\n\n\n\n<div class=\"wp-block-image\"><figure class=\"aligncenter size-large is-resized\"><a href=\"https:\/\/www.mru.hr\/products.aspx\"><img loading=\"lazy\" decoding=\"async\" src=\"http:\/\/huzz.imi.hr\/wp-content\/uploads\/2021\/10\/MRU-logo-1024x744.jpg\" alt=\"\" class=\"wp-image-464\" width=\"284\" height=\"206\" srcset=\"https:\/\/huzz.imi.hr\/wp-content\/uploads\/2021\/10\/MRU-logo-1024x744.jpg 1024w, https:\/\/huzz.imi.hr\/wp-content\/uploads\/2021\/10\/MRU-logo-300x218.jpg 300w, https:\/\/huzz.imi.hr\/wp-content\/uploads\/2021\/10\/MRU-logo-768x558.jpg 768w, https:\/\/huzz.imi.hr\/wp-content\/uploads\/2021\/10\/MRU-logo-18x12.jpg 18w, https:\/\/huzz.imi.hr\/wp-content\/uploads\/2021\/10\/MRU-logo-372x270.jpg 372w, https:\/\/huzz.imi.hr\/wp-content\/uploads\/2021\/10\/MRU-logo.jpg 1417w\" sizes=\"auto, (max-width: 284px) 100vw, 284px\" \/><\/a><\/figure><\/div>","protected":false},"excerpt":{"rendered":"<p>HRVATSKO UDRU\u017dENJE ZA ZA\u0160TITU ZRAKA u suradnji s: INSTITUTOM ZA MEDICINSKA ISTRA\u017dIVANJA I MEDICINU RADA DR\u017dAVNIM HIDROMETEOROLO\u0160KIM ZAVODOM EUROPEAN FEDERATION OF CLEAN AIR AND ENVIRONMENTAL PROTECTION ASSOCIATIONS \u2013 EFCA INTERNATIONAL UNION OF AIR POLLUTION PREVENTION AND ENVIRONMENTAL PROTECTION ASSOCIATIONS &#8211; IUAPPA organizira DVANAESTI HRVATSKI ZNANSTVENO-STRU\u010cNI SKUP s me\u0111unarodnim sudjelovanjem \u201cZA\u0160TITA ZRAKA 2021\u201c DRUGA OBAVIJEST MEDULIN 15.-17. rujna 2021. POKROVITELJ Ministarstvo gospodarstva i odr\u017eivog razvoja ZNANSTVENO-STRU\u010cNI ODBOR Gordana Pehnec \u2013 predsjednica Ivan Be\u0161li\u0107 Darijo Brzoja Zdenko Frani\u0107 Ivana Hrga \u017deljko Lin\u0161ak&#8230;<\/p>\n<p class=\"read-more\"><a class=\"btn btn-default\" href=\"https:\/\/huzz.imi.hr\/en\/druga-obavijest-dvanaesti-hrvatski-znanstveno-strucni-skup-s-medunarodnim-sudjelovanjem-zastita-zraka-2021\/\"> Read More<span class=\"screen-reader-text\">  Read More<\/span><\/a><\/p>","protected":false},"author":2,"featured_media":0,"comment_status":"open","ping_status":"open","sticky":false,"template":"","format":"standard","meta":{"footnotes":""},"categories":[7,5,9,8],"tags":[],"class_list":["post-372","post","type-post","status-publish","format-standard","hentry","category-arhiva","category-obavijest","category-skupovi","category-zastita-zraka-2021"],"_links":{"self":[{"href":"https:\/\/huzz.imi.hr\/en\/wp-json\/wp\/v2\/posts\/372","targetHints":{"allow":["GET"]}}],"collection":[{"href":"https:\/\/huzz.imi.hr\/en\/wp-json\/wp\/v2\/posts"}],"about":[{"href":"https:\/\/huzz.imi.hr\/en\/wp-json\/wp\/v2\/types\/post"}],"author":[{"embeddable":true,"href":"https:\/\/huzz.imi.hr\/en\/wp-json\/wp\/v2\/users\/2"}],"replies":[{"embeddable":true,"href":"https:\/\/huzz.imi.hr\/en\/wp-json\/wp\/v2\/comments?post=372"}],"version-history":[{"count":46,"href":"https:\/\/huzz.imi.hr\/en\/wp-json\/wp\/v2\/posts\/372\/revisions"}],"predecessor-version":[{"id":469,"href":"https:\/\/huzz.imi.hr\/en\/wp-json\/wp\/v2\/posts\/372\/revisions\/469"}],"wp:attachment":[{"href":"https:\/\/huzz.imi.hr\/en\/wp-json\/wp\/v2\/media?parent=372"}],"wp:term":[{"taxonomy":"category","embeddable":true,"href":"https:\/\/huzz.imi.hr\/en\/wp-json\/wp\/v2\/categories?post=372"},{"taxonomy":"post_tag","embeddable":true,"href":"https:\/\/huzz.imi.hr\/en\/wp-json\/wp\/v2\/tags?post=372"}],"curies":[{"name":"wp","href":"https:\/\/api.w.org\/{rel}","templated":true}]}}